{"id":3002,"date":"2023-09-07T17:33:47","date_gmt":"2023-09-07T15:33:47","guid":{"rendered":"https:\/\/pubweb.carnet.hr\/hsd\/?p=3002"},"modified":"2023-12-01T16:11:22","modified_gmt":"2023-12-01T16:11:22","slug":"inga-tomic-koludrovic-i-mirko-petric-na-simpoziju-esa-e-u-sofiji","status":"publish","type":"post","link":"https:\/\/hsd.hr\/en\/2023\/09\/07\/inga-tomic-koludrovic-i-mirko-petric-na-simpoziju-esa-e-u-sofiji\/","title":{"rendered":"Inga Tomi\u0107-Koludrovi\u0107 i Mirko Petri\u0107 na simpoziju ESA-e u Sofiji"},"content":{"rendered":"<div data-elementor-type=\"wp-post\" data-elementor-id=\"3002\" class=\"elementor elementor-3002\" data-elementor-post-type=\"post\">\n\t\t\t\t\t\t\t<div class=\"elementor-element elementor-element-abd03a8 e-flex e-con-boxed e-con e-parent\" data-id=\"abd03a8\" data-element_type=\"container\" data-settings=\"{&quot;container_type&quot;:&quot;flex&quot;,&quot;content_width&quot;:&quot;boxed&quot;}\" data-core-v316-plus=\"true\">\n\t\t\t\t\t<div class=\"e-con-inner\">\n\t\t\t\t<div class=\"elementor-element elementor-element-1c6a0ea0 elementor-widget elementor-widget-text-editor\" data-id=\"1c6a0ea0\" data-element_type=\"widget\" data-widget_type=\"text-editor.default\">\n\t\t\t\t<div class=\"elementor-widget-container\">\n\t\t\t<style>\/*! elementor - v3.17.0 - 08-11-2023 *\/\n.elementor-widget-text-editor.elementor-drop-cap-view-stacked .elementor-drop-cap{background-color:#69727d;color:#fff}.elementor-widget-text-editor.elementor-drop-cap-view-framed .elementor-drop-cap{color:#69727d;border:3px solid;background-color:transparent}.elementor-widget-text-editor:not(.elementor-drop-cap-view-default) .elementor-drop-cap{margin-top:8px}.elementor-widget-text-editor:not(.elementor-drop-cap-view-default) .elementor-drop-cap-letter{width:1em;height:1em}.elementor-widget-text-editor .elementor-drop-cap{float:left;text-align:center;line-height:1;font-size:50px}.elementor-widget-text-editor .elementor-drop-cap-letter{display:inline-block}<\/style>\t\t\t\t<p><strong>U razdoblju izme\u0111u 31. kolovoza i 2. rujna 2023., dr. sc. Inga Tomi\u0107 i mr. sc. Mirko Petri\u0107 sudjelovali su na simpoziju istra\u017eiva\u010dkih mre\u017ea Europske sociolo\u0161ke udruge (ESA) za sociologiju umjetnosti (RN2) i sociologiju kulture (RN7)<\/strong><\/p><p>Simpozij s nazivom\u00a0<em><strong>New perspectives and interventions: The state of play in cultural sociology and sociology of the arts<\/strong><\/em>\u00a0(Nova motri\u0161ta i intervencije: dana\u0161nje stanje u kulturnoj sociologiji i sociologiji umjetnosti) odr\u017eao se na Sveu\u010dili\u0161tu u Sofiji, u organizaciji tamo\u0161njih odjela za sociologiju i kulturne studije, te uz financijsku potporu Bugarskog sociolo\u0161kog dru\u0161tva.<\/p><p>Dr. sc. Inga Tomi\u0107 i mr. sc. Mirko Petri\u0107 na skupu su odr\u017eali dva izlaganja, temeljena na rezultatima Obzor 2020 projekta INVENT. Prvo izlaganje, pripremljeno u suautorstvu s Predragom Cveti\u010daninom (Univerzitet u Ni\u0161u), Lucasom Pageom Pereieom (Universit\u00e9 de Versailles Saint-Quentin), Fr\u00e9d\u00e9ricom Lebaronom (Ecole normale sup\u00e9rieure Paris-Saclay) te \u017deljkom Zdravkovi\u0107 (Sveu\u010dili\u0161te u Zadru), nosilo je naslov\u00a0<em>Cultural practices and socio-digital inequalities in Europe: empirical findings and theoretical considerations<\/em>\u00a0(Kulturne prakse i socio-digitalne nejednakosti u Europi: emipirijski nalazi i teorijska razmatranja). Drugo izlaganje, pripremljeno u suautorstvu s Augustinom Deradom i Ivom \u017duni\u0107 (oboje Institut dru\u0161tvenih znanosti Ivo Pilar), nosilo je naziv\u00a0<em>The relevance of exploratory approaches in cultural policy: analysing understandings of culture in Croatia<\/em>\u00a0(Relevantnost eksploracijskih pristupa u kulturnoj politici: analiza razumijevanja kulture u Hrvatskoj).<\/p><p>U svojstvu \u010dlana upravnog odbora Istra\u017eiva\u010dke mre\u017ee za sociologiju kulture Europske sociolo\u0161ke udruge (ESA RN7), mr. sc. Mirko Petri\u0107 sudjelovao je na sastanku tog tijela, na kojem se raspravljalo o budu\u0107im aktivnostima istra\u017eiva\u010dke mre\u017ee te pripremi njezina sudjelovanja na kongresu ESA- u Portu 2024.<\/p>\t\t\t\t\t\t<\/div>\n\t\t\t\t<\/div>\n\t\t\t\t\t<\/div>\n\t\t\t\t<\/div>\n\t\t<div class=\"elementor-element elementor-element-04d5060 e-flex e-con-boxed e-con e-parent\" data-id=\"04d5060\" data-element_type=\"container\" data-settings=\"{&quot;container_type&quot;:&quot;flex&quot;,&quot;content_width&quot;:&quot;boxed&quot;}\" data-core-v316-plus=\"true\">\n\t\t\t\t\t<div class=\"e-con-inner\">\n\t\t\t\t\t<\/div>\n\t\t\t\t<\/div>\n\t\t<div class=\"elementor-element elementor-element-50beb03 e-flex e-con-boxed e-con e-parent\" data-id=\"50beb03\" data-element_type=\"container\" data-settings=\"{&quot;container_type&quot;:&quot;flex&quot;,&quot;content_width&quot;:&quot;boxed&quot;}\" data-core-v316-plus=\"true\">\n\t\t\t\t\t<div class=\"e-con-inner\">\n\t\t\t\t<div class=\"elementor-element elementor-element-79737b9 elementor-widget elementor-widget-theme-post-featured-image elementor-widget-image\" data-id=\"79737b9\" data-element_type=\"widget\" data-widget_type=\"theme-post-featured-image.default\">\n\t\t\t\t<div class=\"elementor-widget-container\">\n\t\t\t<style>\/*! elementor - v3.17.0 - 08-11-2023 *\/\n.elementor-widget-image{text-align:center}.elementor-widget-image a{display:inline-block}.elementor-widget-image a img[src$=\".svg\"]{width:48px}.elementor-widget-image img{vertical-align:middle;display:inline-block}<\/style>\t\t\t\t\t\t\t\t\t\t\t\t<img fetchpriority=\"high\" decoding=\"async\" width=\"517\" height=\"333\" src=\"https:\/\/hsd.hr\/wp-content\/uploads\/2023\/07\/Fond-buducnosti.jpg\" class=\"attachment-large size-large wp-image-4571\" alt=\"\" srcset=\"https:\/\/hsd.hr\/wp-content\/uploads\/2023\/07\/Fond-buducnosti.jpg 517w, https:\/\/hsd.hr\/wp-content\/uploads\/2023\/07\/Fond-buducnosti-300x193.jpg 300w\" sizes=\"(max-width: 517px) 100vw, 517px\" \/>\t\t\t\t\t\t\t\t\t\t\t\t\t\t\t<\/div>\n\t\t\t\t<\/div>\n\t\t\t\t\t<\/div>\n\t\t\t\t<\/div>\n\t\t\t\t\t\t\t<\/div>","protected":false},"excerpt":{"rendered":"<p>Simpozij je organiziran od strane istra\u017eiva\u010dke mre\u017ee Europske sociolo\u0161ke udruge (ESA) za sociologiju umjetnosti (RN2) i sociologiju kulture (RN7).<\/p>","protected":false},"author":1,"featured_media":4571,"comment_status":"closed","ping_status":"closed","sticky":false,"template":"","format":"standard","meta":{"site-sidebar-layout":"default","site-content-layout":"","ast-site-content-layout":"","site-content-style":"default","site-sidebar-style":"default","ast-global-header-display":"","ast-banner-title-visibility":"","ast-main-header-display":"","ast-hfb-above-header-display":"","ast-hfb-below-header-display":"","ast-hfb-mobile-header-display":"","site-post-title":"","ast-breadcrumbs-content":"","ast-featured-img":"","footer-sml-layout":"","theme-transparent-header-meta":"","adv-header-id-meta":"","stick-header-meta":"","header-above-stick-meta":"","header-main-stick-meta":"","header-below-stick-meta":"","astra-migrate-meta-layouts":"","ast-page-background-enabled":"default","ast-page-background-meta":{"desktop":{"background-color":"var(--ast-global-color-4)","background-image":"","background-repeat":"repeat","background-position":"center center","background-size":"auto","background-attachment":"scroll","background-type":"","background-media":"","overlay-type":"","overlay-color":"","overlay-gradient":""},"tablet":{"background-color":"","background-image":"","background-repeat":"repeat","background-position":"center center","background-size":"auto","background-attachment":"scroll","background-type":"","background-media":"","overlay-type":"","overlay-color":"","overlay-gradient":""},"mobile":{"background-color":"","background-image":"","background-repeat":"repeat","background-position":"center center","background-size":"auto","background-attachment":"scroll","background-type":"","background-media":"","overlay-type":"","overlay-color":"","overlay-gradient":""}},"ast-content-background-meta":{"desktop":{"background-color":"var(--ast-global-color-5)","background-image":"","background-repeat":"repeat","background-position":"center center","background-size":"auto","background-attachment":"scroll","background-type":"","background-media":"","overlay-type":"","overlay-color":"","overlay-gradient":""},"tablet":{"background-color":"var(--ast-global-color-5)","background-image":"","background-repeat":"repeat","background-position":"center center","background-size":"auto","background-attachment":"scroll","background-type":"","background-media":"","overlay-type":"","overlay-color":"","overlay-gradient":""},"mobile":{"background-color":"var(--ast-global-color-5)","background-image":"","background-repeat":"repeat","background-position":"center center","background-size":"auto","background-attachment":"scroll","background-type":"","background-media":"","overlay-type":"","overlay-color":"","overlay-gradient":""}},"footnotes":""},"categories":[7],"tags":[],"class_list":["post-3002","post","type-post","status-publish","format-standard","has-post-thumbnail","hentry","category-nekategorizirano-hr"],"_links":{"self":[{"href":"https:\/\/hsd.hr\/en\/wp-json\/wp\/v2\/posts\/3002","targetHints":{"allow":["GET"]}}],"collection":[{"href":"https:\/\/hsd.hr\/en\/wp-json\/wp\/v2\/posts"}],"about":[{"href":"https:\/\/hsd.hr\/en\/wp-json\/wp\/v2\/types\/post"}],"author":[{"embeddable":true,"href":"https:\/\/hsd.hr\/en\/wp-json\/wp\/v2\/users\/1"}],"replies":[{"embeddable":true,"href":"https:\/\/hsd.hr\/en\/wp-json\/wp\/v2\/comments?post=3002"}],"version-history":[{"count":12,"href":"https:\/\/hsd.hr\/en\/wp-json\/wp\/v2\/posts\/3002\/revisions"}],"predecessor-version":[{"id":6144,"href":"https:\/\/hsd.hr\/en\/wp-json\/wp\/v2\/posts\/3002\/revisions\/6144"}],"wp:featuredmedia":[{"embeddable":true,"href":"https:\/\/hsd.hr\/en\/wp-json\/wp\/v2\/media\/4571"}],"wp:attachment":[{"href":"https:\/\/hsd.hr\/en\/wp-json\/wp\/v2\/media?parent=3002"}],"wp:term":[{"taxonomy":"category","embeddable":true,"href":"https:\/\/hsd.hr\/en\/wp-json\/wp\/v2\/categories?post=3002"},{"taxonomy":"post_tag","embeddable":true,"href":"https:\/\/hsd.hr\/en\/wp-json\/wp\/v2\/tags?post=3002"}],"curies":[{"name":"wp","href":"https:\/\/api.w.org\/{rel}","templated":true}]}}