{"id":7835,"date":"2025-01-16T09:53:51","date_gmt":"2025-01-16T09:53:51","guid":{"rendered":"https:\/\/hsd.hr\/?p=7835"},"modified":"2025-01-16T10:47:02","modified_gmt":"2025-01-16T10:47:02","slug":"komemoracija-za-prof-dr-sc-esada-cimica","status":"publish","type":"post","link":"https:\/\/hsd.hr\/en\/2025\/01\/16\/komemoracija-za-prof-dr-sc-esada-cimica\/","title":{"rendered":"Komemoracija za prof. dr. sc. Esada \u0106imi\u0107a"},"content":{"rendered":"<p>Komemoracija za <strong>prof. dr. sc. Esada \u0106imi\u0107a, profesora emeritusa<\/strong>, odr\u017eat \u0107e se u <strong>utorak, 21. sije\u010dnja 2025. godine<\/strong> u Sve\u010danoj dvorani Sveu\u010dili\u0161ta u Zadru s po\u010detkom u 12 sati. Na komemoraciji \u0107e govoriti Sini\u0161a Zrin\u0161\u010dak, Ivica Ma\u0161truko i Marko Vu\u010deti\u0107, kao i rektor Sveu\u010dili\u0161ta u Zadru, Josip Fari\u010di\u0107 te pro\u010delnica Odjela za sociologiju Valerija Barada.<\/p>\n\n\n\n<p>Profesor \u0106imi\u0107 jedan je od glavnih osniva\u010da Odjela za sociologiju u Zadru na kojemu je predavao dugi niz godina, gdje ostaje zapam\u0107en kao erudita blagoga duha te pronicljivih, duhovitih uvida u politi\u010dke i dru\u0161tvene teme. Za njegov iznimni rad Grad Zadar dodijelio mu je nagradu za \u017eivotno djelo 2008. godine.<\/p>\n\n\n\n<p>Prof. dr. sc. Esad \u0106imi\u0107 preminuo je 6. listopada 2024. godine u Zagrebu, a sahranjen je u Sarajevu.<\/p>\n\n\n\n<p>Link na <strong><a href=\"https:\/\/www.facebook.com\/photo\/?fbid=1026398232853402&amp;set=a.557914366368460&amp;notif_id=1737021239954439&amp;notif_t=feedback_reaction_generic&amp;ref=notif\">Facebook objavu<\/a><\/strong>.<\/p>","protected":false},"excerpt":{"rendered":"<p>Komemoracija za prof. dr. sc. Esada \u0106imi\u0107a, profesora emeritusa, odr\u017eat \u0107e se u utorak, 21. sije\u010dnja 2025. godine u Sve\u010danoj dvorani Sveu\u010dili\u0161ta u Zadru s po\u010detkom u 12 sati. Na komemoraciji \u0107e govoriti Sini\u0161a Zrin\u0161\u010dak, Ivica Ma\u0161truko i Marko Vu\u010deti\u0107, kao i rektor Sveu\u010dili\u0161ta u Zadru, Josip Fari\u010di\u0107 te pro\u010delnica Odjela za sociologiju Valerija Barada. &hellip;<\/p>\n<p class=\"read-more\"> <a class=\"\" href=\"https:\/\/hsd.hr\/en\/2025\/01\/16\/komemoracija-za-prof-dr-sc-esada-cimica\/\"> <span class=\"screen-reader-text\">Komemoracija za prof. dr. sc. Esada \u0106imi\u0107a<\/span> Read More &raquo;<\/a><\/p>","protected":false},"author":7,"featured_media":7836,"comment_status":"open","ping_status":"open","sticky":false,"template":"","format":"standard","meta":{"site-sidebar-layout":"default","site-content-layout":"","ast-site-content-layout":"","site-content-style":"default","site-sidebar-style":"default","ast-global-header-display":"","ast-banner-title-visibility":"","ast-main-header-display":"","ast-hfb-above-header-display":"","ast-hfb-below-header-display":"","ast-hfb-mobile-header-display":"","site-post-title":"","ast-breadcrumbs-content":"","ast-featured-img":"","footer-sml-layout":"","theme-transparent-header-meta":"","adv-header-id-meta":"","stick-header-meta":"","header-above-stick-meta":"","header-main-stick-meta":"","header-below-stick-meta":"","astra-migrate-meta-layouts":"","ast-page-background-enabled":"default","ast-page-background-meta":{"desktop":{"background-color":"var(--ast-global-color-4)","background-image":"","background-repeat":"repeat","background-position":"center center","background-size":"auto","background-attachment":"scroll","background-type":"","background-media":"","overlay-type":"","overlay-color":"","overlay-gradient":""},"tablet":{"background-color":"","background-image":"","background-repeat":"repeat","background-position":"center center","background-size":"auto","background-attachment":"scroll","background-type":"","background-media":"","overlay-type":"","overlay-color":"","overlay-gradient":""},"mobile":{"background-color":"","background-image":"","background-repeat":"repeat","background-position":"center center","background-size":"auto","background-attachment":"scroll","background-type":"","background-media":"","overlay-type":"","overlay-color":"","overlay-gradient":""}},"ast-content-background-meta":{"desktop":{"background-color":"var(--ast-global-color-5)","background-image":"","background-repeat":"repeat","background-position":"center center","background-size":"auto","background-attachment":"scroll","background-type":"","background-media":"","overlay-type":"","overlay-color":"","overlay-gradient":""},"tablet":{"background-color":"var(--ast-global-color-5)","background-image":"","background-repeat":"repeat","background-position":"center center","background-size":"auto","background-attachment":"scroll","background-type":"","background-media":"","overlay-type":"","overlay-color":"","overlay-gradient":""},"mobile":{"background-color":"var(--ast-global-color-5)","background-image":"","background-repeat":"repeat","background-position":"center center","background-size":"auto","background-attachment":"scroll","background-type":"","background-media":"","overlay-type":"","overlay-color":"","overlay-gradient":""}},"footnotes":""},"categories":[7],"tags":[],"class_list":["post-7835","post","type-post","status-publish","format-standard","has-post-thumbnail","hentry","category-nekategorizirano-hr"],"_links":{"self":[{"href":"https:\/\/hsd.hr\/en\/wp-json\/wp\/v2\/posts\/7835","targetHints":{"allow":["GET"]}}],"collection":[{"href":"https:\/\/hsd.hr\/en\/wp-json\/wp\/v2\/posts"}],"about":[{"href":"https:\/\/hsd.hr\/en\/wp-json\/wp\/v2\/types\/post"}],"author":[{"embeddable":true,"href":"https:\/\/hsd.hr\/en\/wp-json\/wp\/v2\/users\/7"}],"replies":[{"embeddable":true,"href":"https:\/\/hsd.hr\/en\/wp-json\/wp\/v2\/comments?post=7835"}],"version-history":[{"count":4,"href":"https:\/\/hsd.hr\/en\/wp-json\/wp\/v2\/posts\/7835\/revisions"}],"predecessor-version":[{"id":7840,"href":"https:\/\/hsd.hr\/en\/wp-json\/wp\/v2\/posts\/7835\/revisions\/7840"}],"wp:featuredmedia":[{"embeddable":true,"href":"https:\/\/hsd.hr\/en\/wp-json\/wp\/v2\/media\/7836"}],"wp:attachment":[{"href":"https:\/\/hsd.hr\/en\/wp-json\/wp\/v2\/media?parent=7835"}],"wp:term":[{"taxonomy":"category","embeddable":true,"href":"https:\/\/hsd.hr\/en\/wp-json\/wp\/v2\/categories?post=7835"},{"taxonomy":"post_tag","embeddable":true,"href":"https:\/\/hsd.hr\/en\/wp-json\/wp\/v2\/tags?post=7835"}],"curies":[{"name":"wp","href":"https:\/\/api.w.org\/{rel}","templated":true}]}}