{"id":8215,"date":"2025-05-08T08:14:08","date_gmt":"2025-05-08T08:14:08","guid":{"rendered":"https:\/\/hsd.hr\/?p=8215"},"modified":"2025-05-08T13:18:04","modified_gmt":"2025-05-08T13:18:04","slug":"poziv-na-znanstvenu-konferenciju-s-medunarodnim-sudjelovanjem-pod-nazivom-studentski-prosvjedi-2024-2025-blokada-ako-ne-sada","status":"publish","type":"post","link":"https:\/\/hsd.hr\/en\/2025\/05\/08\/poziv-na-znanstvenu-konferenciju-s-medunarodnim-sudjelovanjem-pod-nazivom-studentski-prosvjedi-2024-2025-blokada-ako-ne-sada\/","title":{"rendered":"Poziv na znanstvenu konferenciju s me\u0111unarodnim sudjelovanjem pod nazivom\u00a0Studentski prosvjedi 2024\/2025: BloKADA, ako ne SADA?"},"content":{"rendered":"<p>Zadovoljstvo nam je pozvati vas na znanstvenu konferenciju s me\u0111unarodnim sudjelovanjem pod nazivom&nbsp;<strong>Studentski prosvjedi 2024\/2025: BloKADA, ako ne SADA?<\/strong>, koja \u0107e se odr\u017eati u\u017eivo od&nbsp;<strong>22. do 25. studenoga 2025. godine<\/strong>&nbsp;na Filozofskom fakultetu Sveu\u010dili\u0161ta u Beogradu (u slu\u010daju promjene lokacije, sudionici \u0107e biti pravovremeno obavije\u0161teni).<\/p>\n\n\n\n<p>Teme konferencije obuhva\u0107aju politi\u010dke, generacijske, dru\u0161tvene i kulturne promjene izazvane studentskim prosvjedima u Srbiji, kao i \u0161iri kontekst i druge relevantne teme. Pozivamo sve zainteresirane istra\u017eiva\u010de, posebno mlade istra\u017eiva\u010de i doktorande, da se uklju\u010de u raspravu i doprinesu temama konferencije.<\/p>\n\n\n\n<p>Detalje o temama konferencije, rokovima i uvjetima sudjelovanja mo\u017eete prona\u0107i u prilo\u017eenom pozivu.<\/p>\n\n\n\n<p><strong>Va\u017eni datumi:<\/strong><\/p>\n\n\n\n<ul class=\"wp-block-list\">\n<li>Rok za dostavu sa\u017eetaka:&nbsp;<strong>10. lipnja 2025.<\/strong><\/li>\n\n\n\n<li>Obavijest o prihva\u0107enim sa\u017eecima:&nbsp;<strong>30. lipnja 2025.<\/strong><\/li>\n\n\n\n<li>Rok za dostavu cjelovitih radova:&nbsp;<strong>1. studenoga 2025.<\/strong><\/li>\n<\/ul>\n\n\n\n<p>Adresa za slanje sa\u017eetaka i sve dodatne informacije:&nbsp;<strong><a>isi@f.bg.ac.rs<\/a><\/strong><\/p>\n\n\n\n<p>Ljubazno vas molimo da ovaj poziv podijelite s osobama za koje smatrate da bi mogle biti zainteresirane za sudjelovanje.<\/p>\n\n\n\n<p>Pratite HSD novosti i putem <strong><a href=\"https:\/\/www.facebook.com\/share\/1AYZeTdCUi\/?mibextid=wwXIfr\">Facebook profila.<\/a><\/strong><\/p>\n\n\n\n<div data-wp-interactive=\"core\/file\" class=\"wp-block-file\"><object data-wp-bind--hidden=\"!state.hasPdfPreview\" hidden class=\"wp-block-file__embed\" data=\"https:\/\/hsd.hr\/wp-content\/uploads\/2025\/05\/Poziv-za-Konferenciju-ISI-FF.pdf\" type=\"application\/pdf\" style=\"width:100%;height:600px\" aria-label=\"Embed of Poziv za Konferenciju ISI FF.\"><\/object><a id=\"wp-block-file--media-c539e01a-0bc3-448c-a447-95546c79a2bd\" href=\"https:\/\/hsd.hr\/wp-content\/uploads\/2025\/05\/Poziv-za-Konferenciju-ISI-FF.pdf\">Poziv za Konferenciju ISI FF<\/a><a href=\"https:\/\/hsd.hr\/wp-content\/uploads\/2025\/05\/Poziv-za-Konferenciju-ISI-FF.pdf\" class=\"wp-block-file__button wp-element-button\" download aria-describedby=\"wp-block-file--media-c539e01a-0bc3-448c-a447-95546c79a2bd\">Download<\/a><\/div>","protected":false},"excerpt":{"rendered":"<p>Zadovoljstvo nam je pozvati vas na znanstvenu konferenciju s me\u0111unarodnim sudjelovanjem pod nazivom&nbsp;Studentski prosvjedi 2024\/2025: BloKADA, ako ne SADA?, koja \u0107e se odr\u017eati u\u017eivo od&nbsp;22. do 25. studenoga 2025. godine&nbsp;na Filozofskom fakultetu Sveu\u010dili\u0161ta u Beogradu (u slu\u010daju promjene lokacije, sudionici \u0107e biti pravovremeno obavije\u0161teni). Teme konferencije obuhva\u0107aju politi\u010dke, generacijske, dru\u0161tvene i kulturne promjene izazvane studentskim &hellip;<\/p>\n<p class=\"read-more\"> <a class=\"\" href=\"https:\/\/hsd.hr\/en\/2025\/05\/08\/poziv-na-znanstvenu-konferenciju-s-medunarodnim-sudjelovanjem-pod-nazivom-studentski-prosvjedi-2024-2025-blokada-ako-ne-sada\/\"> <span class=\"screen-reader-text\">Poziv na znanstvenu konferenciju s me\u0111unarodnim sudjelovanjem pod nazivom\u00a0Studentski prosvjedi 2024\/2025: BloKADA, ako ne SADA?<\/span> Read More &raquo;<\/a><\/p>","protected":false},"author":7,"featured_media":6552,"comment_status":"open","ping_status":"open","sticky":false,"template":"","format":"standard","meta":{"site-sidebar-layout":"default","site-content-layout":"","ast-site-content-layout":"","site-content-style":"default","site-sidebar-style":"default","ast-global-header-display":"","ast-banner-title-visibility":"","ast-main-header-display":"","ast-hfb-above-header-display":"","ast-hfb-below-header-display":"","ast-hfb-mobile-header-display":"","site-post-title":"","ast-breadcrumbs-content":"","ast-featured-img":"","footer-sml-layout":"","theme-transparent-header-meta":"","adv-header-id-meta":"","stick-header-meta":"","header-above-stick-meta":"","header-main-stick-meta":"","header-below-stick-meta":"","astra-migrate-meta-layouts":"","ast-page-background-enabled":"default","ast-page-background-meta":{"desktop":{"background-color":"var(--ast-global-color-4)","background-image":"","background-repeat":"repeat","background-position":"center center","background-size":"auto","background-attachment":"scroll","background-type":"","background-media":"","overlay-type":"","overlay-color":"","overlay-gradient":""},"tablet":{"background-color":"","background-image":"","background-repeat":"repeat","background-position":"center center","background-size":"auto","background-attachment":"scroll","background-type":"","background-media":"","overlay-type":"","overlay-color":"","overlay-gradient":""},"mobile":{"background-color":"","background-image":"","background-repeat":"repeat","background-position":"center center","background-size":"auto","background-attachment":"scroll","background-type":"","background-media":"","overlay-type":"","overlay-color":"","overlay-gradient":""}},"ast-content-background-meta":{"desktop":{"background-color":"var(--ast-global-color-5)","background-image":"","background-repeat":"repeat","background-position":"center center","background-size":"auto","background-attachment":"scroll","background-type":"","background-media":"","overlay-type":"","overlay-color":"","overlay-gradient":""},"tablet":{"background-color":"var(--ast-global-color-5)","background-image":"","background-repeat":"repeat","background-position":"center center","background-size":"auto","background-attachment":"scroll","background-type":"","background-media":"","overlay-type":"","overlay-color":"","overlay-gradient":""},"mobile":{"background-color":"var(--ast-global-color-5)","background-image":"","background-repeat":"repeat","background-position":"center center","background-size":"auto","background-attachment":"scroll","background-type":"","background-media":"","overlay-type":"","overlay-color":"","overlay-gradient":""}},"footnotes":""},"categories":[7],"tags":[],"class_list":["post-8215","post","type-post","status-publish","format-standard","has-post-thumbnail","hentry","category-nekategorizirano-hr"],"_links":{"self":[{"href":"https:\/\/hsd.hr\/en\/wp-json\/wp\/v2\/posts\/8215","targetHints":{"allow":["GET"]}}],"collection":[{"href":"https:\/\/hsd.hr\/en\/wp-json\/wp\/v2\/posts"}],"about":[{"href":"https:\/\/hsd.hr\/en\/wp-json\/wp\/v2\/types\/post"}],"author":[{"embeddable":true,"href":"https:\/\/hsd.hr\/en\/wp-json\/wp\/v2\/users\/7"}],"replies":[{"embeddable":true,"href":"https:\/\/hsd.hr\/en\/wp-json\/wp\/v2\/comments?post=8215"}],"version-history":[{"count":4,"href":"https:\/\/hsd.hr\/en\/wp-json\/wp\/v2\/posts\/8215\/revisions"}],"predecessor-version":[{"id":8220,"href":"https:\/\/hsd.hr\/en\/wp-json\/wp\/v2\/posts\/8215\/revisions\/8220"}],"wp:featuredmedia":[{"embeddable":true,"href":"https:\/\/hsd.hr\/en\/wp-json\/wp\/v2\/media\/6552"}],"wp:attachment":[{"href":"https:\/\/hsd.hr\/en\/wp-json\/wp\/v2\/media?parent=8215"}],"wp:term":[{"taxonomy":"category","embeddable":true,"href":"https:\/\/hsd.hr\/en\/wp-json\/wp\/v2\/categories?post=8215"},{"taxonomy":"post_tag","embeddable":true,"href":"https:\/\/hsd.hr\/en\/wp-json\/wp\/v2\/tags?post=8215"}],"curies":[{"name":"wp","href":"https:\/\/api.w.org\/{rel}","templated":true}]}}